{"id":1803,"date":"2025-05-01T14:58:12","date_gmt":"2025-05-01T14:58:12","guid":{"rendered":"https:\/\/misionescordoba.org\/?p=1803"},"modified":"2025-05-01T14:58:46","modified_gmt":"2025-05-01T14:58:46","slug":"43-la-caridad-hace-nacer-la-esperanza","status":"publish","type":"post","link":"https:\/\/misionescordoba.org\/?p=1803","title":{"rendered":"43.-LA CARIDAD HACE NACER LA ESPERANZA."},"content":{"rendered":"\n<h1 class=\"wp-block-heading\"><strong>43.-LA CARIDAD HACE NACER LA ESPERANZA (22-06-2025).<\/strong><\/h1>\n\n\n\n<p class=\"wp-block-paragraph\"><\/p>\n\n\n\n<p class=\"has-text-align-center has-large-font-size wp-block-paragraph\"><img data-recalc-dims=\"1\" loading=\"lazy\" decoding=\"async\" width=\"500\" height=\"340\" data-attachment-id=\"1707\" data-permalink=\"https:\/\/misionescordoba.org\/?attachment_id=1707\" data-orig-file=\"https:\/\/i0.wp.com\/misionescordoba.org\/wp-content\/uploads\/2021\/03\/foto73-scaled.jpg?fit=2560%2C1741&amp;ssl=1\" data-orig-size=\"2560,1741\" data-comments-opened=\"1\" data-image-meta=\"{&quot;aperture&quot;:&quot;0&quot;,&quot;credit&quot;:&quot;&quot;,&quot;camera&quot;:&quot;&quot;,&quot;caption&quot;:&quot;&quot;,&quot;created_timestamp&quot;:&quot;0&quot;,&quot;copyright&quot;:&quot;&quot;,&quot;focal_length&quot;:&quot;0&quot;,&quot;iso&quot;:&quot;0&quot;,&quot;shutter_speed&quot;:&quot;0&quot;,&quot;title&quot;:&quot;&quot;,&quot;orientation&quot;:&quot;0&quot;}\" data-image-title=\"foto73\" data-image-description=\"\" data-image-caption=\"\" data-large-file=\"https:\/\/i0.wp.com\/misionescordoba.org\/wp-content\/uploads\/2021\/03\/foto73-scaled.jpg?fit=1024%2C696&amp;ssl=1\" class=\"wp-image-1707\" style=\"width: 500px;\" src=\"https:\/\/i0.wp.com\/misionescordoba.org\/wp-content\/uploads\/2021\/03\/foto73-scaled.jpg?resize=500%2C340&#038;ssl=1\" alt=\"\" srcset=\"https:\/\/i0.wp.com\/misionescordoba.org\/wp-content\/uploads\/2021\/03\/foto73-scaled.jpg?w=2560&amp;ssl=1 2560w, https:\/\/i0.wp.com\/misionescordoba.org\/wp-content\/uploads\/2021\/03\/foto73-scaled.jpg?resize=300%2C204&amp;ssl=1 300w, https:\/\/i0.wp.com\/misionescordoba.org\/wp-content\/uploads\/2021\/03\/foto73-scaled.jpg?resize=1024%2C696&amp;ssl=1 1024w, https:\/\/i0.wp.com\/misionescordoba.org\/wp-content\/uploads\/2021\/03\/foto73-scaled.jpg?resize=768%2C522&amp;ssl=1 768w, https:\/\/i0.wp.com\/misionescordoba.org\/wp-content\/uploads\/2021\/03\/foto73-scaled.jpg?resize=1536%2C1045&amp;ssl=1 1536w, https:\/\/i0.wp.com\/misionescordoba.org\/wp-content\/uploads\/2021\/03\/foto73-scaled.jpg?resize=2048%2C1393&amp;ssl=1 2048w\" sizes=\"auto, (max-width: 500px) 100vw, 500px\" \/><\/p>\n\n\n\n<h3 class=\"wp-block-heading has-text-align-center\"><\/h3>\n\n\n\n<p class=\"wp-block-paragraph\"><\/p>\n\n\n\n<p class=\"wp-block-paragraph\">Colaboraci\u00f3n semanal en clave misionera de Don Antonio Evans Martos, Delegado misiones en C\u00f3rdoba. Espa\u00f1a (curso 2024-25).<\/p>\n\n<iframe loading=\"lazy\" width=\"560\" height=\"315\" src=\"https:\/\/www.youtube.com\/embed\/Ph3q0ELVwnM?si=3jj-G4eBRwb9vucp\" title=\"YouTube video player\" frameborder=\"0\" allow=\"accelerometer; autoplay; clipboard-write; encrypted-media; gyroscope; picture-in-picture; web-share\" referrerpolicy=\"strict-origin-when-cross-origin\" allowfullscreen><\/iframe>\n\n\n\n<p class=\"wp-block-paragraph\"><\/p>\n\n\n\n<h2 class=\"wp-block-heading\"><\/h2>\n\n\n\n<p class=\"wp-block-paragraph\"><\/p>\n\n\n\n<h2 class=\"wp-block-heading\"><\/h2>\n\n\n\n<h3 class=\"wp-block-heading has-medium-font-size\"><strong><strong><strong><strong>Para servir al Evangelio de la esperanza,<em> la Iglesia est\u00e1 llamada tambi\u00e9n a seguir el camino del amor<\/em>. Es un camino que pasa a trav\u00e9s de la caridad evangelizadora, el esfuerzo multiforme en el servicio y la opci\u00f3n por una generosidad sin pausas ni l\u00edmites.<\/strong><\/strong><\/strong><\/strong><\/h3>\n\n\n\n<hr class=\"wp-block-separator has-alpha-channel-opacity\"\/>\n\n\n<p>DESCUBRE TODOS LOS V\u00cdDEOS DE LAS COLABORACIONES MISIONERAS DE DON ANTONIO EVANS MARTOS 2024-2025<br \/><iframe loading=\"lazy\" title=\"YouTube video player\" src=\"https:\/\/www.youtube.com\/embed\/videoseries?si=Fu8GktgfvR4TNwOT&amp;list=PLw0G1zJFe6uSdMc0hzGTwOSoZatJ8Vvb_\" width=\"560\" height=\"315\" frameborder=\"0\" allowfullscreen=\"allowfullscreen\"><\/iframe><\/p>\n\n\n<p class=\"wp-block-paragraph\"><\/p>\n\n\n\n<h3 class=\"wp-block-heading\"><\/h3>\n\n\n\n<p class=\"wp-block-paragraph\"><\/p>\n\n\n\n<h3 class=\"wp-block-heading\"><\/h3>\n\n\n\n<h3 class=\"wp-block-heading\"><\/h3>\n\n\n\n<h3 class=\"wp-block-heading\"><\/h3>\n\n\n\n<p class=\"has-medium-font-size wp-block-paragraph\">Para todo ser humano, la caridad que se recibe y se da es la experiencia originaria de la cual nace la esperanza. \u201c<em>El hombre no puede vivir sin amor. \u00c9l permanece para s\u00ed mismo un ser incomprensible, su vida est\u00e1 privada de sentido si no se le revela el amor, si no se encuentra con el amor, si no lo experimenta y lo hace propio, si no participa en \u00e9l vivamente<\/em>\u201d (<em>RH<\/em> 10).<\/p>\n\n\n\n<p class=\"has-medium-font-size wp-block-paragraph\">El reto para la Iglesia hoy consiste en ayudar al hombre contempor\u00e1neo a experimentar el amor de Dios Padre y de Cristo en el Esp\u00edritu Santo, mediante el testimonio de la<em> caridad, que tiene en s\u00ed misma una intr\u00ednseca fuerza evangelizadora<\/em>.<\/p>\n\n\n\n<p class=\"has-medium-font-size wp-block-paragraph\">En esto consiste en definitiva el <em>Evangelio<\/em>, la Buena Noticia: Dios nos ha amado primero (cf <em>1Jn<\/em> 4,10.19), Jes\u00fas nos ha amado hasta el final (cf.<em> Jn <\/em>13,1). Gracias al don del Esp\u00edritu, se ofrece a los creyentes la caridad de Dios, su misma capacidad de amar: la caridad apremia en el coraz\u00f3n (cf. <em>2Co<\/em> 5,14). Precisamente porque se recibe de Dios, la caridad se convierte en mandamiento para el hombre (cf. <em>Jn<\/em> 13,34).<\/p>\n\n\n\n<p class=\"has-medium-font-size wp-block-paragraph\">Vivir en la caridad es un <em>gozoso anuncio<\/em> haciendo visible el amor de Dios que no abandona a nadie. Significa dar al hombre desorientado razones verdaderas para seguir esperando.<\/p>\n\n\n\n<p class=\"has-medium-font-size wp-block-paragraph\">Es vocaci\u00f3n de la Iglesia, como signo cre\u00edble aunque siempre inadecuado del amor vivido, hacer que los hombres se encuentren con el amor de Dios y de Cristo que viene a su encuentro: la Iglesia da testimonio del amor cuando las personas, las familias y las comunidades viven intensamente el Evangelio de la caridad.<\/p>\n\n\n\n<p class=\"has-medium-font-size wp-block-paragraph\">Por su propia naturaleza, el testimonio de la caridad ha de extenderse m\u00e1s all\u00e1 de los confines de la comunidad eclesial, para llegar a cada ser humano, de modo que<em> el amor por todos los hombres fomente aut\u00e9ntica solidaridad en toda la vida social<\/em>. Cuando la Iglesia sirve a la caridad, hace crecer al mismo tiempo la \u201ccultura de la solidaridad\u201d, contribuyendo as\u00ed a dar nueva vida a los valores universales de la convivencia humana.<\/p>\n\n\n\n<p class=\"has-medium-font-size wp-block-paragraph\">E<strong>n esta perspectiva es menester <em>revalorizar el sentido aut\u00e9ntico del voluntariado cristiano<\/em>. Naciendo de la fe y siendo alimentado continuamente por ella, debe saber conjugar capacidad profesional y amor aut\u00e9ntico, impulsando a quienes lo practican a \u201c<em>elevar los sentimientos de simple filantrop\u00eda a la altura de la caridad de Cristo, a reconquistar cada d\u00eda, entre fatigas y cansancios, la conciencia de la dignidad de cada hombre, a salir al encuentro de las necesidades de las personas iniciando -si es preciso- nuevos caminos all\u00ed donde m\u00e1s urgentes son las necesidades y m\u00e1s escasas las atenciones y el apoyo<\/em>\u201d (<em>EV<\/em> 90)<\/strong>.<\/p>\n\n\n\n<h3 class=\"wp-block-heading\"><\/h3>\n","protected":false},"excerpt":{"rendered":"<p>43.-LA CARIDAD HACE NACER LA ESPERANZA (22-06-2025). Colaboraci\u00f3n semanal en clave misionera de Don Antonio Evans Martos, Delegado misiones en C\u00f3rdoba. Espa\u00f1a (curso 2024-25). Para servir al Evangelio de la esperanza, la Iglesia est\u00e1 llamada&#8230;<\/p>\n","protected":false},"author":49,"featured_media":286,"comment_status":"open","ping_status":"closed","sticky":false,"template":"","format":"standard","meta":{"_jetpack_newsletter_access":"","_jetpack_dont_email_post_to_subs":false,"_jetpack_newsletter_tier_id":0,"_jetpack_memberships_contains_paywalled_content":false,"_jetpack_memberships_contains_paid_content":false,"footnotes":""},"categories":[18],"tags":[139,46,141,146],"class_list":["post-1803","post","type-post","status-publish","format-standard","has-post-thumbnail","hentry","category-delegado-episcopal-de-misiones","tag-delegado-episcopal-de-misiones-en-cordoba-espana","tag-don-antonio-evans-martos","tag-mensajes-cortos-misioneros","tag-mensajes-misioneros"],"yoast_head":"<!-- This site is optimized with the Yoast SEO plugin v27.8 - https:\/\/yoast.com\/product\/yoast-seo-wordpress\/ -->\n<title>43.-LA CARIDAD HACE NACER LA ESPERANZA. - Delegaci\u00f3n Diocesana de Misiones C\u00f3rdoba<\/title>\n<meta name=\"description\" content=\"Colaboraci\u00f3n semanal en clave misionera de Don Antonio Evans Martos, Delegado misiones en C\u00f3rdoba. Espa\u00f1a (curso 2024-25).\" \/>\n<meta name=\"robots\" content=\"index, follow, max-snippet:-1, max-image-preview:large, max-video-preview:-1\" \/>\n<link rel=\"canonical\" href=\"https:\/\/misionescordoba.org\/?p=1803\" \/>\n<meta property=\"og:locale\" content=\"es_ES\" \/>\n<meta property=\"og:type\" content=\"article\" \/>\n<meta property=\"og:title\" content=\"43.-LA CARIDAD HACE NACER LA ESPERANZA. - Delegaci\u00f3n Diocesana de Misiones C\u00f3rdoba\" \/>\n<meta property=\"og:description\" content=\"Colaboraci\u00f3n semanal en clave misionera de Don Antonio Evans Martos, Delegado misiones en C\u00f3rdoba. Espa\u00f1a (curso 2024-25).\" \/>\n<meta property=\"og:url\" content=\"https:\/\/misionescordoba.org\/?p=1803\" \/>\n<meta property=\"og:site_name\" content=\"Delegaci\u00f3n Diocesana de Misiones C\u00f3rdoba\" \/>\n<meta property=\"article:published_time\" content=\"2025-05-01T14:58:12+00:00\" \/>\n<meta property=\"article:modified_time\" content=\"2025-05-01T14:58:46+00:00\" \/>\n<meta property=\"og:image\" content=\"https:\/\/misionescordoba.org\/wp-content\/uploads\/2016\/09\/montaje21.jpg\" \/>\n\t<meta property=\"og:image:width\" content=\"309\" \/>\n\t<meta property=\"og:image:height\" content=\"454\" \/>\n\t<meta property=\"og:image:type\" content=\"image\/jpeg\" \/>\n<meta name=\"author\" content=\"admin\" \/>\n<meta name=\"twitter:card\" content=\"summary_large_image\" \/>\n<meta name=\"twitter:label1\" content=\"Escrito por\" \/>\n\t<meta name=\"twitter:data1\" content=\"admin\" \/>\n\t<meta name=\"twitter:label2\" content=\"Tiempo de lectura\" \/>\n\t<meta name=\"twitter:data2\" content=\"3 minutos\" \/>\n<script type=\"application\/ld+json\" class=\"yoast-schema-graph\">{\"@context\":\"https:\\\/\\\/schema.org\",\"@graph\":[{\"@type\":\"Article\",\"@id\":\"https:\\\/\\\/misionescordoba.org\\\/?p=1803#article\",\"isPartOf\":{\"@id\":\"https:\\\/\\\/misionescordoba.org\\\/?p=1803\"},\"author\":{\"name\":\"admin\",\"@id\":\"https:\\\/\\\/misionescordoba.org\\\/#\\\/schema\\\/person\\\/d2f0b539de8e63ba0e5dbcf31cae5ffc\"},\"headline\":\"43.-LA CARIDAD HACE NACER LA ESPERANZA.\",\"datePublished\":\"2025-05-01T14:58:12+00:00\",\"dateModified\":\"2025-05-01T14:58:46+00:00\",\"mainEntityOfPage\":{\"@id\":\"https:\\\/\\\/misionescordoba.org\\\/?p=1803\"},\"wordCount\":553,\"commentCount\":0,\"image\":{\"@id\":\"https:\\\/\\\/misionescordoba.org\\\/?p=1803#primaryimage\"},\"thumbnailUrl\":\"https:\\\/\\\/i0.wp.com\\\/misionescordoba.org\\\/wp-content\\\/uploads\\\/2016\\\/09\\\/montaje21.jpg?fit=309%2C454&ssl=1\",\"keywords\":[\"delegado episcopal de misiones en c\u00f3rdoba. Espa\u00f1a\",\"Don Antonio Evans Martos\",\"mensajes cortos misioneros\",\"mensajes misioneros\"],\"articleSection\":[\"Delegado Episcopal de Misiones\"],\"inLanguage\":\"es\",\"potentialAction\":[{\"@type\":\"CommentAction\",\"name\":\"Comment\",\"target\":[\"https:\\\/\\\/misionescordoba.org\\\/?p=1803#respond\"]}]},{\"@type\":\"WebPage\",\"@id\":\"https:\\\/\\\/misionescordoba.org\\\/?p=1803\",\"url\":\"https:\\\/\\\/misionescordoba.org\\\/?p=1803\",\"name\":\"43.-LA CARIDAD HACE NACER LA ESPERANZA. - Delegaci\u00f3n Diocesana de Misiones C\u00f3rdoba\",\"isPartOf\":{\"@id\":\"https:\\\/\\\/misionescordoba.org\\\/#website\"},\"primaryImageOfPage\":{\"@id\":\"https:\\\/\\\/misionescordoba.org\\\/?p=1803#primaryimage\"},\"image\":{\"@id\":\"https:\\\/\\\/misionescordoba.org\\\/?p=1803#primaryimage\"},\"thumbnailUrl\":\"https:\\\/\\\/i0.wp.com\\\/misionescordoba.org\\\/wp-content\\\/uploads\\\/2016\\\/09\\\/montaje21.jpg?fit=309%2C454&ssl=1\",\"datePublished\":\"2025-05-01T14:58:12+00:00\",\"dateModified\":\"2025-05-01T14:58:46+00:00\",\"author\":{\"@id\":\"https:\\\/\\\/misionescordoba.org\\\/#\\\/schema\\\/person\\\/d2f0b539de8e63ba0e5dbcf31cae5ffc\"},\"description\":\"Colaboraci\u00f3n semanal en clave misionera de Don Antonio Evans Martos, Delegado misiones en C\u00f3rdoba. Espa\u00f1a (curso 2024-25).\",\"breadcrumb\":{\"@id\":\"https:\\\/\\\/misionescordoba.org\\\/?p=1803#breadcrumb\"},\"inLanguage\":\"es\",\"potentialAction\":[{\"@type\":\"ReadAction\",\"target\":[\"https:\\\/\\\/misionescordoba.org\\\/?p=1803\"]}]},{\"@type\":\"ImageObject\",\"inLanguage\":\"es\",\"@id\":\"https:\\\/\\\/misionescordoba.org\\\/?p=1803#primaryimage\",\"url\":\"https:\\\/\\\/i0.wp.com\\\/misionescordoba.org\\\/wp-content\\\/uploads\\\/2016\\\/09\\\/montaje21.jpg?fit=309%2C454&ssl=1\",\"contentUrl\":\"https:\\\/\\\/i0.wp.com\\\/misionescordoba.org\\\/wp-content\\\/uploads\\\/2016\\\/09\\\/montaje21.jpg?fit=309%2C454&ssl=1\",\"width\":309,\"height\":454},{\"@type\":\"BreadcrumbList\",\"@id\":\"https:\\\/\\\/misionescordoba.org\\\/?p=1803#breadcrumb\",\"itemListElement\":[{\"@type\":\"ListItem\",\"position\":1,\"name\":\"Portada\",\"item\":\"https:\\\/\\\/misionescordoba.org\\\/\"},{\"@type\":\"ListItem\",\"position\":2,\"name\":\"43.-LA CARIDAD HACE NACER LA ESPERANZA.\"}]},{\"@type\":\"WebSite\",\"@id\":\"https:\\\/\\\/misionescordoba.org\\\/#website\",\"url\":\"https:\\\/\\\/misionescordoba.org\\\/\",\"name\":\"Delegaci\u00f3n Diocesana de Misiones C\u00f3rdoba\",\"description\":\"CURSO 2025-2026\",\"potentialAction\":[{\"@type\":\"SearchAction\",\"target\":{\"@type\":\"EntryPoint\",\"urlTemplate\":\"https:\\\/\\\/misionescordoba.org\\\/?s={search_term_string}\"},\"query-input\":{\"@type\":\"PropertyValueSpecification\",\"valueRequired\":true,\"valueName\":\"search_term_string\"}}],\"inLanguage\":\"es\"},{\"@type\":\"Person\",\"@id\":\"https:\\\/\\\/misionescordoba.org\\\/#\\\/schema\\\/person\\\/d2f0b539de8e63ba0e5dbcf31cae5ffc\",\"name\":\"admin\",\"image\":{\"@type\":\"ImageObject\",\"inLanguage\":\"es\",\"@id\":\"https:\\\/\\\/secure.gravatar.com\\\/avatar\\\/cd327038a3101a7b52dc4fc9dcffb6996453169e342a7ae608a3bb140ff2f009?s=96&d=mm&r=g\",\"url\":\"https:\\\/\\\/secure.gravatar.com\\\/avatar\\\/cd327038a3101a7b52dc4fc9dcffb6996453169e342a7ae608a3bb140ff2f009?s=96&d=mm&r=g\",\"contentUrl\":\"https:\\\/\\\/secure.gravatar.com\\\/avatar\\\/cd327038a3101a7b52dc4fc9dcffb6996453169e342a7ae608a3bb140ff2f009?s=96&d=mm&r=g\",\"caption\":\"admin\"},\"url\":\"https:\\\/\\\/misionescordoba.org\\\/?author=49\"}]}<\/script>\n<!-- \/ Yoast SEO plugin. -->","yoast_head_json":{"title":"43.-LA CARIDAD HACE NACER LA ESPERANZA. - Delegaci\u00f3n Diocesana de Misiones C\u00f3rdoba","description":"Colaboraci\u00f3n semanal en clave misionera de Don Antonio Evans Martos, Delegado misiones en C\u00f3rdoba. Espa\u00f1a (curso 2024-25).","robots":{"index":"index","follow":"follow","max-snippet":"max-snippet:-1","max-image-preview":"max-image-preview:large","max-video-preview":"max-video-preview:-1"},"canonical":"https:\/\/misionescordoba.org\/?p=1803","og_locale":"es_ES","og_type":"article","og_title":"43.-LA CARIDAD HACE NACER LA ESPERANZA. - Delegaci\u00f3n Diocesana de Misiones C\u00f3rdoba","og_description":"Colaboraci\u00f3n semanal en clave misionera de Don Antonio Evans Martos, Delegado misiones en C\u00f3rdoba. Espa\u00f1a (curso 2024-25).","og_url":"https:\/\/misionescordoba.org\/?p=1803","og_site_name":"Delegaci\u00f3n Diocesana de Misiones C\u00f3rdoba","article_published_time":"2025-05-01T14:58:12+00:00","article_modified_time":"2025-05-01T14:58:46+00:00","og_image":[{"width":309,"height":454,"url":"https:\/\/misionescordoba.org\/wp-content\/uploads\/2016\/09\/montaje21.jpg","type":"image\/jpeg"}],"author":"admin","twitter_card":"summary_large_image","twitter_misc":{"Escrito por":"admin","Tiempo de lectura":"3 minutos"},"schema":{"@context":"https:\/\/schema.org","@graph":[{"@type":"Article","@id":"https:\/\/misionescordoba.org\/?p=1803#article","isPartOf":{"@id":"https:\/\/misionescordoba.org\/?p=1803"},"author":{"name":"admin","@id":"https:\/\/misionescordoba.org\/#\/schema\/person\/d2f0b539de8e63ba0e5dbcf31cae5ffc"},"headline":"43.-LA CARIDAD HACE NACER LA ESPERANZA.","datePublished":"2025-05-01T14:58:12+00:00","dateModified":"2025-05-01T14:58:46+00:00","mainEntityOfPage":{"@id":"https:\/\/misionescordoba.org\/?p=1803"},"wordCount":553,"commentCount":0,"image":{"@id":"https:\/\/misionescordoba.org\/?p=1803#primaryimage"},"thumbnailUrl":"https:\/\/i0.wp.com\/misionescordoba.org\/wp-content\/uploads\/2016\/09\/montaje21.jpg?fit=309%2C454&ssl=1","keywords":["delegado episcopal de misiones en c\u00f3rdoba. Espa\u00f1a","Don Antonio Evans Martos","mensajes cortos misioneros","mensajes misioneros"],"articleSection":["Delegado Episcopal de Misiones"],"inLanguage":"es","potentialAction":[{"@type":"CommentAction","name":"Comment","target":["https:\/\/misionescordoba.org\/?p=1803#respond"]}]},{"@type":"WebPage","@id":"https:\/\/misionescordoba.org\/?p=1803","url":"https:\/\/misionescordoba.org\/?p=1803","name":"43.-LA CARIDAD HACE NACER LA ESPERANZA. - Delegaci\u00f3n Diocesana de Misiones C\u00f3rdoba","isPartOf":{"@id":"https:\/\/misionescordoba.org\/#website"},"primaryImageOfPage":{"@id":"https:\/\/misionescordoba.org\/?p=1803#primaryimage"},"image":{"@id":"https:\/\/misionescordoba.org\/?p=1803#primaryimage"},"thumbnailUrl":"https:\/\/i0.wp.com\/misionescordoba.org\/wp-content\/uploads\/2016\/09\/montaje21.jpg?fit=309%2C454&ssl=1","datePublished":"2025-05-01T14:58:12+00:00","dateModified":"2025-05-01T14:58:46+00:00","author":{"@id":"https:\/\/misionescordoba.org\/#\/schema\/person\/d2f0b539de8e63ba0e5dbcf31cae5ffc"},"description":"Colaboraci\u00f3n semanal en clave misionera de Don Antonio Evans Martos, Delegado misiones en C\u00f3rdoba. Espa\u00f1a (curso 2024-25).","breadcrumb":{"@id":"https:\/\/misionescordoba.org\/?p=1803#breadcrumb"},"inLanguage":"es","potentialAction":[{"@type":"ReadAction","target":["https:\/\/misionescordoba.org\/?p=1803"]}]},{"@type":"ImageObject","inLanguage":"es","@id":"https:\/\/misionescordoba.org\/?p=1803#primaryimage","url":"https:\/\/i0.wp.com\/misionescordoba.org\/wp-content\/uploads\/2016\/09\/montaje21.jpg?fit=309%2C454&ssl=1","contentUrl":"https:\/\/i0.wp.com\/misionescordoba.org\/wp-content\/uploads\/2016\/09\/montaje21.jpg?fit=309%2C454&ssl=1","width":309,"height":454},{"@type":"BreadcrumbList","@id":"https:\/\/misionescordoba.org\/?p=1803#breadcrumb","itemListElement":[{"@type":"ListItem","position":1,"name":"Portada","item":"https:\/\/misionescordoba.org\/"},{"@type":"ListItem","position":2,"name":"43.-LA CARIDAD HACE NACER LA ESPERANZA."}]},{"@type":"WebSite","@id":"https:\/\/misionescordoba.org\/#website","url":"https:\/\/misionescordoba.org\/","name":"Delegaci\u00f3n Diocesana de Misiones C\u00f3rdoba","description":"CURSO 2025-2026","potentialAction":[{"@type":"SearchAction","target":{"@type":"EntryPoint","urlTemplate":"https:\/\/misionescordoba.org\/?s={search_term_string}"},"query-input":{"@type":"PropertyValueSpecification","valueRequired":true,"valueName":"search_term_string"}}],"inLanguage":"es"},{"@type":"Person","@id":"https:\/\/misionescordoba.org\/#\/schema\/person\/d2f0b539de8e63ba0e5dbcf31cae5ffc","name":"admin","image":{"@type":"ImageObject","inLanguage":"es","@id":"https:\/\/secure.gravatar.com\/avatar\/cd327038a3101a7b52dc4fc9dcffb6996453169e342a7ae608a3bb140ff2f009?s=96&d=mm&r=g","url":"https:\/\/secure.gravatar.com\/avatar\/cd327038a3101a7b52dc4fc9dcffb6996453169e342a7ae608a3bb140ff2f009?s=96&d=mm&r=g","contentUrl":"https:\/\/secure.gravatar.com\/avatar\/cd327038a3101a7b52dc4fc9dcffb6996453169e342a7ae608a3bb140ff2f009?s=96&d=mm&r=g","caption":"admin"},"url":"https:\/\/misionescordoba.org\/?author=49"}]}},"jetpack_featured_media_url":"https:\/\/i0.wp.com\/misionescordoba.org\/wp-content\/uploads\/2016\/09\/montaje21.jpg?fit=309%2C454&ssl=1","jetpack_sharing_enabled":true,"jetpack_shortlink":"https:\/\/wp.me\/p7DLKw-t5","jetpack-related-posts":[],"_links":{"self":[{"href":"https:\/\/misionescordoba.org\/index.php?rest_route=\/wp\/v2\/posts\/1803","targetHints":{"allow":["GET"]}}],"collection":[{"href":"https:\/\/misionescordoba.org\/index.php?rest_route=\/wp\/v2\/posts"}],"about":[{"href":"https:\/\/misionescordoba.org\/index.php?rest_route=\/wp\/v2\/types\/post"}],"author":[{"embeddable":true,"href":"https:\/\/misionescordoba.org\/index.php?rest_route=\/wp\/v2\/users\/49"}],"replies":[{"embeddable":true,"href":"https:\/\/misionescordoba.org\/index.php?rest_route=%2Fwp%2Fv2%2Fcomments&post=1803"}],"version-history":[{"count":5,"href":"https:\/\/misionescordoba.org\/index.php?rest_route=\/wp\/v2\/posts\/1803\/revisions"}],"predecessor-version":[{"id":2555,"href":"https:\/\/misionescordoba.org\/index.php?rest_route=\/wp\/v2\/posts\/1803\/revisions\/2555"}],"wp:featuredmedia":[{"embeddable":true,"href":"https:\/\/misionescordoba.org\/index.php?rest_route=\/wp\/v2\/media\/286"}],"wp:attachment":[{"href":"https:\/\/misionescordoba.org\/index.php?rest_route=%2Fwp%2Fv2%2Fmedia&parent=1803"}],"wp:term":[{"taxonomy":"category","embeddable":true,"href":"https:\/\/misionescordoba.org\/index.php?rest_route=%2Fwp%2Fv2%2Fcategories&post=1803"},{"taxonomy":"post_tag","embeddable":true,"href":"https:\/\/misionescordoba.org\/index.php?rest_route=%2Fwp%2Fv2%2Ftags&post=1803"}],"curies":[{"name":"wp","href":"https:\/\/api.w.org\/{rel}","templated":true}]}}