{"id":549,"date":"2025-05-12T07:21:51","date_gmt":"2025-05-12T07:21:51","guid":{"rendered":"http:\/\/misionescordoba.org\/?p=549"},"modified":"2025-05-12T07:21:57","modified_gmt":"2025-05-12T07:21:57","slug":"san-francisco-solano-un-referente-en-la-mision","status":"publish","type":"post","link":"https:\/\/misionescordoba.org\/?p=549","title":{"rendered":"SAN FRANCISCO SOLANO: UN REFERENTE EN LA MISI\u00d3N."},"content":{"rendered":"<header class=\"entry-header\"><\/header>\n<div class=\"entry-content\">\n<h1>SAN FRANCISCO SOLANO: UN REFERENTE EN LA MISI\u00d3N.<\/h1>\n<p><img data-recalc-dims=\"1\" loading=\"lazy\" decoding=\"async\" data-attachment-id=\"229\" data-permalink=\"https:\/\/misionescordoba.org\/?attachment_id=229\" data-orig-file=\"https:\/\/i0.wp.com\/misionescordoba.org\/wp-content\/uploads\/2016\/07\/solanonuevo6.jpg?fit=1606%2C1093&amp;ssl=1\" data-orig-size=\"1606,1093\" data-comments-opened=\"1\" data-image-meta=\"{&quot;aperture&quot;:&quot;0&quot;,&quot;credit&quot;:&quot;&quot;,&quot;camera&quot;:&quot;&quot;,&quot;caption&quot;:&quot;&quot;,&quot;created_timestamp&quot;:&quot;0&quot;,&quot;copyright&quot;:&quot;&quot;,&quot;focal_length&quot;:&quot;0&quot;,&quot;iso&quot;:&quot;0&quot;,&quot;shutter_speed&quot;:&quot;0&quot;,&quot;title&quot;:&quot;&quot;,&quot;orientation&quot;:&quot;0&quot;}\" data-image-title=\"solanonuevo6\" data-image-description=\"\" data-image-caption=\"\" data-large-file=\"https:\/\/i0.wp.com\/misionescordoba.org\/wp-content\/uploads\/2016\/07\/solanonuevo6.jpg?fit=1024%2C697&amp;ssl=1\" class=\"wp-image-229 aligncenter\" src=\"https:\/\/i0.wp.com\/misionescordoba.org\/wp-content\/uploads\/2016\/07\/solanonuevo6.jpg?resize=543%2C369&#038;ssl=1\" alt=\"\" width=\"543\" height=\"369\" srcset=\"https:\/\/i0.wp.com\/misionescordoba.org\/wp-content\/uploads\/2016\/07\/solanonuevo6.jpg?resize=300%2C204&amp;ssl=1 300w, https:\/\/i0.wp.com\/misionescordoba.org\/wp-content\/uploads\/2016\/07\/solanonuevo6.jpg?resize=768%2C523&amp;ssl=1 768w, https:\/\/i0.wp.com\/misionescordoba.org\/wp-content\/uploads\/2016\/07\/solanonuevo6.jpg?resize=1024%2C697&amp;ssl=1 1024w, https:\/\/i0.wp.com\/misionescordoba.org\/wp-content\/uploads\/2016\/07\/solanonuevo6.jpg?w=1606&amp;ssl=1 1606w\" sizes=\"auto, (max-width: 543px) 100vw, 543px\" \/><\/p>\n<h3 style=\"text-align: left;\" data-blogger-escaped-style=\"text-align: justify;\"><strong>\u00a0 \u00a0 San Francisco Solano es uno de los mejores ejemplos de animaci\u00f3n misionera. Francisco Solano, llamado \u201cel Taumaturgo del nuevo mundo\u201d, por la cantidad de prodigios y milagros que obtuvo en Sudam\u00e9rica, naci\u00f3 en 1549, en Montilla, Espa\u00f1a. Su padre era alcalde de la ciudad, y desde muy peque\u00f1o se caracteriz\u00f3 por su habilidad en poner paz entre los que se peleaban. Cuando hab\u00eda alg\u00fan duelo a espada, bastaba que Francisco corriera a donde los combatientes a suplicarles que no se pelearan m\u00e1s, para que hicieran las paces. Estudi\u00f3 con los Jesuitas, pero entr\u00f3 a la comunidad Franciscana porque le atra\u00edan mucho la pobreza y la vida tan sacrificada de los religiosos de San Francisco. Los primero a\u00f1os de sacerdocio los dedic\u00f3 a predicar con gran provecho en el sur de Espa\u00f1a. Sus sermones no ten\u00edan nada de rebuscado ni de elegante, pero llegaban hasta el fondo del coraz\u00f3n de los pecadores y consegu\u00edan grandes conversiones. Es que rezaba mucho antes de cada predicaci\u00f3n<\/strong><\/h3>\n<h2 data-blogger-escaped-style=\"text-align: justify;\">.<strong>LABOR MISIONERA INCANSABLE<\/strong><\/h2>\n<h3 data-blogger-escaped-style=\"text-align: justify;\"><strong>Fray Francisco Solano recorri\u00f3 el continente americano durante 20 a\u00f1os predicando, especialmente a los indios. Pero su viaje m\u00e1s largo fue el que tuvo que hacer a pie, con incontables peligros y sufrimientos, desde Lima hasta Tucum\u00e1n (Argentina) y hasta las pampas y el Chaco Paraguayo. M\u00e1s de 3,000 kil\u00f3metros y sin ninguna comodidad. S\u00f3lo confiando en Dios y movido por el deseo de salvar almas. Y le sucedi\u00f3 en aquel gran viaje misionero, que lograba aprender con extraordinaria facilidad los dialectos de aquellos indios a las dos semanas de estar con ellos. Y le entend\u00edan todos admirablemente sus sermones. Sus compa\u00f1eros misioneros se admiraban grandemente de este prodigio y lo consideraban un verdadero milagro de Dios. Pero lo m\u00e1s admirable es que las tribus de indios, aun las m\u00e1s belicosas, y opuestas a los blancos, recib\u00edan los sermones del santo con una docilidad y un provecho que parec\u00edan incre\u00edbles. Dios le hab\u00eda concedido la eficacia de la palabra y la gracia de conseguir la simpat\u00eda y buena voluntad de sus oyentes. Fray Francisco llegaba a las tribus m\u00e1s guerreras e ind\u00f3mitas y aunque al principio lo recib\u00edan al son de batalla, despu\u00e9s de predicarles por unos minutos con un crucifijo en la mano, consegu\u00eda que todos empezaran a escucharle con un coraz\u00f3n d\u00f3cil y que se hicieran bautizar por centenares y miles<\/strong><\/h3>\n<h2 data-blogger-escaped-style=\"text-align: justify;\"><strong><a href=\"http:\/\/marinaveracruz.net\/?attachment_id=1414\" rel=\"attachment wp-att-1414\"><img data-recalc-dims=\"1\" loading=\"lazy\" decoding=\"async\" class=\"size-medium wp-image-1414 alignright\" src=\"https:\/\/i0.wp.com\/marinaveracruz.net\/wp-content\/uploads\/2017\/11\/solanonuevo2-204x300.jpg?resize=204%2C300\" alt=\"\" width=\"204\" height=\"300\" \/><\/a>MISI\u00d3N INFATIGABLE<\/strong><\/h2>\n<h3 data-blogger-escaped-style=\"text-align: justify;\"><strong>San Francisco Solano mision\u00f3 por m\u00e1s de 14 a\u00f1os por el Chaco Paraguayo, por Uruguay, el R\u00edo de la Plata, Santa Fe y C\u00f3rdoba de Argentina, siempre a pie, convirtiendo innumerables ind\u00edgenas y tambi\u00e9n much\u00edsimos colonos espa\u00f1oles. Su paso por cada ciudad o campo, era un renacer del fervor religioso. Un d\u00eda en el pueblo llamado San Miguel, estaban en un toreo, y el toro feroz se sali\u00f3 del corral y empez\u00f3 a cornear sin compasi\u00f3n por las calles. Llamaron al santo y \u00e9ste se le enfrent\u00f3 calmadamente al terrible animal. Y la gente vio con admiraci\u00f3n que el brav\u00edsimo toro se le acercaba a Fray Francisco y le lam\u00eda las manos y se dejaba llevar por \u00e9l otra vez al corral.<\/strong><\/h3>\n<h2 data-blogger-escaped-style=\"text-align: justify;\"><strong>\u00daLTIMOS A\u00d1OS EN LIMA<\/strong><\/h2>\n<h3 data-blogger-escaped-style=\"text-align: justify;\"><strong>Por orden de sus superiores, los \u00faltimos a\u00f1os los pas\u00f3 Fray Francisco en la ciudad de Lima predicando y convirtiendo pecadores. Entraba a las casas de juegos y hac\u00eda suspender aquellos vicios y llevaba a los jugadores a los templos OCURRI\u00d3 EN UNA MISA Un d\u00eda estando predicando en una misa empez\u00f3 a temblar. Las gentes quisieron salir huyendo, pero \u00e9l les dijo: \u201cSi piden perd\u00f3n a Dios, no les suceder\u00e1 nada malo\u201d. Todos pidieron perd\u00f3n y nada malo sucedi\u00f3 aquel d\u00eda all\u00ed. Otro d\u00eda en pleno serm\u00f3n exclam\u00f3: \u201cPor las maldades de estas gentes, todo lo que est\u00e1 a mi alrededor ser\u00e1 destruido y no quedar\u00e1 sino el sitio desde donde estoy predicando\u201d. Y as\u00ed sucedi\u00f3 a\u00f1os despu\u00e9s. lleg\u00f3 un terremoto y destruy\u00f3 el templo y todos los alrededores, y el \u00fanico sitio que qued\u00f3 sin que le pasara nada, fue aquel desde donde el santo hab\u00eda predicado.<\/strong><\/h3>\n<h2 data-blogger-escaped-style=\"text-align: justify;\"><strong>MUERTE <\/strong><\/h2>\n<h3 data-blogger-escaped-style=\"text-align: justify;\"><strong>En mayo de 1610 empez\u00f3 a sentirse muy d\u00e9bil. Los m\u00e9dicos que lo atend\u00edan se admiraban de su paciencia y santidad. El 14 de julio del 1610 falleci\u00f3 exclamando: \u201d \u201cQue Dios sea glorificado\u201d<\/strong><\/h3>\n<p><iframe loading=\"lazy\" src=\"https:\/\/www.youtube.com\/embed\/sh4Auc4prE8\" width=\"560\" height=\"315\" frameborder=\"0\" allowfullscreen=\"allowfullscreen\"><\/iframe><\/p>\n<\/div>\n<p><script async=\"\" src=\"\/\/pagead2.googlesyndication.com\/pagead\/js\/adsbygoogle.js\"><\/script><br \/>\n<!-- forbes MBA ranking --><br \/>\n<ins class=\"adsbygoogle\" style=\"display: inline-block; width: 728px; height: 90px;\" data-ad-client=\"ca-pub-9439478559683170\" data-ad-slot=\"1044753860\"><\/ins><br \/>\n<script><br \/>\n(adsbygoogle = window.adsbygoogle || []).push({});<br \/>\n<\/script><\/p>\n","protected":false},"excerpt":{"rendered":"<p>SAN FRANCISCO SOLANO: UN REFERENTE EN LA MISI\u00d3N. \u00a0 \u00a0 San Francisco Solano es uno de los mejores ejemplos de animaci\u00f3n misionera. Francisco Solano, llamado \u201cel Taumaturgo del nuevo mundo\u201d, por la cantidad de prodigios&#8230;<\/p>\n","protected":false},"author":49,"featured_media":229,"comment_status":"open","ping_status":"closed","sticky":false,"template":"","format":"standard","meta":{"_jetpack_newsletter_access":"","_jetpack_dont_email_post_to_subs":false,"_jetpack_newsletter_tier_id":0,"_jetpack_memberships_contains_paywalled_content":false,"_jetpack_memberships_contains_paid_content":false,"footnotes":""},"categories":[6],"tags":[49,42,43,93,94],"class_list":["post-549","post","type-post","status-publish","format-standard","has-post-thumbnail","hentry","category-misioneros-y-testigos","tag-catolicismo","tag-delegacion-de-misiones-en-cordoba","tag-mision-ad-gentes","tag-san-francisco-solano","tag-santo-montillano"],"yoast_head":"<!-- This site is optimized with the Yoast SEO plugin v27.8 - https:\/\/yoast.com\/product\/yoast-seo-wordpress\/ -->\n<title>SAN FRANCISCO SOLANO: UN REFERENTE EN LA MISI\u00d3N. - Delegaci\u00f3n Diocesana de Misiones C\u00f3rdoba<\/title>\n<meta name=\"description\" content=\"SAN FRANCISCO SOLANO: UN REFERENTE EN LA MISI\u00d3N. San Francisco Solano es uno de los mejores ejemplos de animaci\u00f3n misionera.\" \/>\n<meta name=\"robots\" content=\"index, follow, max-snippet:-1, max-image-preview:large, max-video-preview:-1\" \/>\n<link rel=\"canonical\" href=\"https:\/\/misionescordoba.org\/?p=549\" \/>\n<meta property=\"og:locale\" content=\"es_ES\" \/>\n<meta property=\"og:type\" content=\"article\" \/>\n<meta property=\"og:title\" content=\"SAN FRANCISCO SOLANO: UN REFERENTE EN LA MISI\u00d3N. - Delegaci\u00f3n Diocesana de Misiones C\u00f3rdoba\" \/>\n<meta property=\"og:description\" content=\"SAN FRANCISCO SOLANO: UN REFERENTE EN LA MISI\u00d3N. San Francisco Solano es uno de los mejores ejemplos de animaci\u00f3n misionera.\" \/>\n<meta property=\"og:url\" content=\"https:\/\/misionescordoba.org\/?p=549\" \/>\n<meta property=\"og:site_name\" content=\"Delegaci\u00f3n Diocesana de Misiones C\u00f3rdoba\" \/>\n<meta property=\"article:published_time\" content=\"2025-05-12T07:21:51+00:00\" \/>\n<meta property=\"article:modified_time\" content=\"2025-05-12T07:21:57+00:00\" \/>\n<meta property=\"og:image\" content=\"https:\/\/misionescordoba.org\/wp-content\/uploads\/2016\/07\/solanonuevo6.jpg\" \/>\n\t<meta property=\"og:image:width\" content=\"1606\" \/>\n\t<meta property=\"og:image:height\" content=\"1093\" \/>\n\t<meta property=\"og:image:type\" content=\"image\/jpeg\" \/>\n<meta name=\"author\" content=\"admin\" \/>\n<meta name=\"twitter:card\" content=\"summary_large_image\" \/>\n<meta name=\"twitter:label1\" content=\"Escrito por\" \/>\n\t<meta name=\"twitter:data1\" content=\"admin\" \/>\n\t<meta name=\"twitter:label2\" content=\"Tiempo de lectura\" \/>\n\t<meta name=\"twitter:data2\" content=\"4 minutos\" \/>\n<script type=\"application\/ld+json\" class=\"yoast-schema-graph\">{\"@context\":\"https:\\\/\\\/schema.org\",\"@graph\":[{\"@type\":\"Article\",\"@id\":\"https:\\\/\\\/misionescordoba.org\\\/?p=549#article\",\"isPartOf\":{\"@id\":\"https:\\\/\\\/misionescordoba.org\\\/?p=549\"},\"author\":{\"name\":\"admin\",\"@id\":\"https:\\\/\\\/misionescordoba.org\\\/#\\\/schema\\\/person\\\/d2f0b539de8e63ba0e5dbcf31cae5ffc\"},\"headline\":\"SAN FRANCISCO SOLANO: UN REFERENTE EN LA MISI\u00d3N.\",\"datePublished\":\"2025-05-12T07:21:51+00:00\",\"dateModified\":\"2025-05-12T07:21:57+00:00\",\"mainEntityOfPage\":{\"@id\":\"https:\\\/\\\/misionescordoba.org\\\/?p=549\"},\"wordCount\":776,\"commentCount\":0,\"image\":{\"@id\":\"https:\\\/\\\/misionescordoba.org\\\/?p=549#primaryimage\"},\"thumbnailUrl\":\"https:\\\/\\\/i0.wp.com\\\/misionescordoba.org\\\/wp-content\\\/uploads\\\/2016\\\/07\\\/solanonuevo6.jpg?fit=1606%2C1093&ssl=1\",\"keywords\":[\"catolicismo\",\"Delegaci\u00f3n de Misiones en C\u00f3rdoba\",\"Misi\u00f3n ad gentes\",\"San Francisco Solano\",\"santo montillano\"],\"articleSection\":[\"Misioneros y testigos\"],\"inLanguage\":\"es\",\"potentialAction\":[{\"@type\":\"CommentAction\",\"name\":\"Comment\",\"target\":[\"https:\\\/\\\/misionescordoba.org\\\/?p=549#respond\"]}]},{\"@type\":\"WebPage\",\"@id\":\"https:\\\/\\\/misionescordoba.org\\\/?p=549\",\"url\":\"https:\\\/\\\/misionescordoba.org\\\/?p=549\",\"name\":\"SAN FRANCISCO SOLANO: UN REFERENTE EN LA MISI\u00d3N. - Delegaci\u00f3n Diocesana de Misiones C\u00f3rdoba\",\"isPartOf\":{\"@id\":\"https:\\\/\\\/misionescordoba.org\\\/#website\"},\"primaryImageOfPage\":{\"@id\":\"https:\\\/\\\/misionescordoba.org\\\/?p=549#primaryimage\"},\"image\":{\"@id\":\"https:\\\/\\\/misionescordoba.org\\\/?p=549#primaryimage\"},\"thumbnailUrl\":\"https:\\\/\\\/i0.wp.com\\\/misionescordoba.org\\\/wp-content\\\/uploads\\\/2016\\\/07\\\/solanonuevo6.jpg?fit=1606%2C1093&ssl=1\",\"datePublished\":\"2025-05-12T07:21:51+00:00\",\"dateModified\":\"2025-05-12T07:21:57+00:00\",\"author\":{\"@id\":\"https:\\\/\\\/misionescordoba.org\\\/#\\\/schema\\\/person\\\/d2f0b539de8e63ba0e5dbcf31cae5ffc\"},\"description\":\"SAN FRANCISCO SOLANO: UN REFERENTE EN LA MISI\u00d3N. San Francisco Solano es uno de los mejores ejemplos de animaci\u00f3n misionera.\",\"breadcrumb\":{\"@id\":\"https:\\\/\\\/misionescordoba.org\\\/?p=549#breadcrumb\"},\"inLanguage\":\"es\",\"potentialAction\":[{\"@type\":\"ReadAction\",\"target\":[\"https:\\\/\\\/misionescordoba.org\\\/?p=549\"]}]},{\"@type\":\"ImageObject\",\"inLanguage\":\"es\",\"@id\":\"https:\\\/\\\/misionescordoba.org\\\/?p=549#primaryimage\",\"url\":\"https:\\\/\\\/i0.wp.com\\\/misionescordoba.org\\\/wp-content\\\/uploads\\\/2016\\\/07\\\/solanonuevo6.jpg?fit=1606%2C1093&ssl=1\",\"contentUrl\":\"https:\\\/\\\/i0.wp.com\\\/misionescordoba.org\\\/wp-content\\\/uploads\\\/2016\\\/07\\\/solanonuevo6.jpg?fit=1606%2C1093&ssl=1\",\"width\":1606,\"height\":1093},{\"@type\":\"BreadcrumbList\",\"@id\":\"https:\\\/\\\/misionescordoba.org\\\/?p=549#breadcrumb\",\"itemListElement\":[{\"@type\":\"ListItem\",\"position\":1,\"name\":\"Portada\",\"item\":\"https:\\\/\\\/misionescordoba.org\\\/\"},{\"@type\":\"ListItem\",\"position\":2,\"name\":\"SAN FRANCISCO SOLANO: UN REFERENTE EN LA MISI\u00d3N.\"}]},{\"@type\":\"WebSite\",\"@id\":\"https:\\\/\\\/misionescordoba.org\\\/#website\",\"url\":\"https:\\\/\\\/misionescordoba.org\\\/\",\"name\":\"Delegaci\u00f3n Diocesana de Misiones C\u00f3rdoba\",\"description\":\"CURSO 2025-2026\",\"potentialAction\":[{\"@type\":\"SearchAction\",\"target\":{\"@type\":\"EntryPoint\",\"urlTemplate\":\"https:\\\/\\\/misionescordoba.org\\\/?s={search_term_string}\"},\"query-input\":{\"@type\":\"PropertyValueSpecification\",\"valueRequired\":true,\"valueName\":\"search_term_string\"}}],\"inLanguage\":\"es\"},{\"@type\":\"Person\",\"@id\":\"https:\\\/\\\/misionescordoba.org\\\/#\\\/schema\\\/person\\\/d2f0b539de8e63ba0e5dbcf31cae5ffc\",\"name\":\"admin\",\"image\":{\"@type\":\"ImageObject\",\"inLanguage\":\"es\",\"@id\":\"https:\\\/\\\/secure.gravatar.com\\\/avatar\\\/cd327038a3101a7b52dc4fc9dcffb6996453169e342a7ae608a3bb140ff2f009?s=96&d=mm&r=g\",\"url\":\"https:\\\/\\\/secure.gravatar.com\\\/avatar\\\/cd327038a3101a7b52dc4fc9dcffb6996453169e342a7ae608a3bb140ff2f009?s=96&d=mm&r=g\",\"contentUrl\":\"https:\\\/\\\/secure.gravatar.com\\\/avatar\\\/cd327038a3101a7b52dc4fc9dcffb6996453169e342a7ae608a3bb140ff2f009?s=96&d=mm&r=g\",\"caption\":\"admin\"},\"url\":\"https:\\\/\\\/misionescordoba.org\\\/?author=49\"}]}<\/script>\n<!-- \/ Yoast SEO plugin. -->","yoast_head_json":{"title":"SAN FRANCISCO SOLANO: UN REFERENTE EN LA MISI\u00d3N. - Delegaci\u00f3n Diocesana de Misiones C\u00f3rdoba","description":"SAN FRANCISCO SOLANO: UN REFERENTE EN LA MISI\u00d3N. San Francisco Solano es uno de los mejores ejemplos de animaci\u00f3n misionera.","robots":{"index":"index","follow":"follow","max-snippet":"max-snippet:-1","max-image-preview":"max-image-preview:large","max-video-preview":"max-video-preview:-1"},"canonical":"https:\/\/misionescordoba.org\/?p=549","og_locale":"es_ES","og_type":"article","og_title":"SAN FRANCISCO SOLANO: UN REFERENTE EN LA MISI\u00d3N. - Delegaci\u00f3n Diocesana de Misiones C\u00f3rdoba","og_description":"SAN FRANCISCO SOLANO: UN REFERENTE EN LA MISI\u00d3N. San Francisco Solano es uno de los mejores ejemplos de animaci\u00f3n misionera.","og_url":"https:\/\/misionescordoba.org\/?p=549","og_site_name":"Delegaci\u00f3n Diocesana de Misiones C\u00f3rdoba","article_published_time":"2025-05-12T07:21:51+00:00","article_modified_time":"2025-05-12T07:21:57+00:00","og_image":[{"width":1606,"height":1093,"url":"https:\/\/misionescordoba.org\/wp-content\/uploads\/2016\/07\/solanonuevo6.jpg","type":"image\/jpeg"}],"author":"admin","twitter_card":"summary_large_image","twitter_misc":{"Escrito por":"admin","Tiempo de lectura":"4 minutos"},"schema":{"@context":"https:\/\/schema.org","@graph":[{"@type":"Article","@id":"https:\/\/misionescordoba.org\/?p=549#article","isPartOf":{"@id":"https:\/\/misionescordoba.org\/?p=549"},"author":{"name":"admin","@id":"https:\/\/misionescordoba.org\/#\/schema\/person\/d2f0b539de8e63ba0e5dbcf31cae5ffc"},"headline":"SAN FRANCISCO SOLANO: UN REFERENTE EN LA MISI\u00d3N.","datePublished":"2025-05-12T07:21:51+00:00","dateModified":"2025-05-12T07:21:57+00:00","mainEntityOfPage":{"@id":"https:\/\/misionescordoba.org\/?p=549"},"wordCount":776,"commentCount":0,"image":{"@id":"https:\/\/misionescordoba.org\/?p=549#primaryimage"},"thumbnailUrl":"https:\/\/i0.wp.com\/misionescordoba.org\/wp-content\/uploads\/2016\/07\/solanonuevo6.jpg?fit=1606%2C1093&ssl=1","keywords":["catolicismo","Delegaci\u00f3n de Misiones en C\u00f3rdoba","Misi\u00f3n ad gentes","San Francisco Solano","santo montillano"],"articleSection":["Misioneros y testigos"],"inLanguage":"es","potentialAction":[{"@type":"CommentAction","name":"Comment","target":["https:\/\/misionescordoba.org\/?p=549#respond"]}]},{"@type":"WebPage","@id":"https:\/\/misionescordoba.org\/?p=549","url":"https:\/\/misionescordoba.org\/?p=549","name":"SAN FRANCISCO SOLANO: UN REFERENTE EN LA MISI\u00d3N. - Delegaci\u00f3n Diocesana de Misiones C\u00f3rdoba","isPartOf":{"@id":"https:\/\/misionescordoba.org\/#website"},"primaryImageOfPage":{"@id":"https:\/\/misionescordoba.org\/?p=549#primaryimage"},"image":{"@id":"https:\/\/misionescordoba.org\/?p=549#primaryimage"},"thumbnailUrl":"https:\/\/i0.wp.com\/misionescordoba.org\/wp-content\/uploads\/2016\/07\/solanonuevo6.jpg?fit=1606%2C1093&ssl=1","datePublished":"2025-05-12T07:21:51+00:00","dateModified":"2025-05-12T07:21:57+00:00","author":{"@id":"https:\/\/misionescordoba.org\/#\/schema\/person\/d2f0b539de8e63ba0e5dbcf31cae5ffc"},"description":"SAN FRANCISCO SOLANO: UN REFERENTE EN LA MISI\u00d3N. San Francisco Solano es uno de los mejores ejemplos de animaci\u00f3n misionera.","breadcrumb":{"@id":"https:\/\/misionescordoba.org\/?p=549#breadcrumb"},"inLanguage":"es","potentialAction":[{"@type":"ReadAction","target":["https:\/\/misionescordoba.org\/?p=549"]}]},{"@type":"ImageObject","inLanguage":"es","@id":"https:\/\/misionescordoba.org\/?p=549#primaryimage","url":"https:\/\/i0.wp.com\/misionescordoba.org\/wp-content\/uploads\/2016\/07\/solanonuevo6.jpg?fit=1606%2C1093&ssl=1","contentUrl":"https:\/\/i0.wp.com\/misionescordoba.org\/wp-content\/uploads\/2016\/07\/solanonuevo6.jpg?fit=1606%2C1093&ssl=1","width":1606,"height":1093},{"@type":"BreadcrumbList","@id":"https:\/\/misionescordoba.org\/?p=549#breadcrumb","itemListElement":[{"@type":"ListItem","position":1,"name":"Portada","item":"https:\/\/misionescordoba.org\/"},{"@type":"ListItem","position":2,"name":"SAN FRANCISCO SOLANO: UN REFERENTE EN LA MISI\u00d3N."}]},{"@type":"WebSite","@id":"https:\/\/misionescordoba.org\/#website","url":"https:\/\/misionescordoba.org\/","name":"Delegaci\u00f3n Diocesana de Misiones C\u00f3rdoba","description":"CURSO 2025-2026","potentialAction":[{"@type":"SearchAction","target":{"@type":"EntryPoint","urlTemplate":"https:\/\/misionescordoba.org\/?s={search_term_string}"},"query-input":{"@type":"PropertyValueSpecification","valueRequired":true,"valueName":"search_term_string"}}],"inLanguage":"es"},{"@type":"Person","@id":"https:\/\/misionescordoba.org\/#\/schema\/person\/d2f0b539de8e63ba0e5dbcf31cae5ffc","name":"admin","image":{"@type":"ImageObject","inLanguage":"es","@id":"https:\/\/secure.gravatar.com\/avatar\/cd327038a3101a7b52dc4fc9dcffb6996453169e342a7ae608a3bb140ff2f009?s=96&d=mm&r=g","url":"https:\/\/secure.gravatar.com\/avatar\/cd327038a3101a7b52dc4fc9dcffb6996453169e342a7ae608a3bb140ff2f009?s=96&d=mm&r=g","contentUrl":"https:\/\/secure.gravatar.com\/avatar\/cd327038a3101a7b52dc4fc9dcffb6996453169e342a7ae608a3bb140ff2f009?s=96&d=mm&r=g","caption":"admin"},"url":"https:\/\/misionescordoba.org\/?author=49"}]}},"jetpack_featured_media_url":"https:\/\/i0.wp.com\/misionescordoba.org\/wp-content\/uploads\/2016\/07\/solanonuevo6.jpg?fit=1606%2C1093&ssl=1","jetpack_sharing_enabled":true,"jetpack_shortlink":"https:\/\/wp.me\/p7DLKw-8R","jetpack-related-posts":[],"_links":{"self":[{"href":"https:\/\/misionescordoba.org\/index.php?rest_route=\/wp\/v2\/posts\/549","targetHints":{"allow":["GET"]}}],"collection":[{"href":"https:\/\/misionescordoba.org\/index.php?rest_route=\/wp\/v2\/posts"}],"about":[{"href":"https:\/\/misionescordoba.org\/index.php?rest_route=\/wp\/v2\/types\/post"}],"author":[{"embeddable":true,"href":"https:\/\/misionescordoba.org\/index.php?rest_route=\/wp\/v2\/users\/49"}],"replies":[{"embeddable":true,"href":"https:\/\/misionescordoba.org\/index.php?rest_route=%2Fwp%2Fv2%2Fcomments&post=549"}],"version-history":[{"count":3,"href":"https:\/\/misionescordoba.org\/index.php?rest_route=\/wp\/v2\/posts\/549\/revisions"}],"predecessor-version":[{"id":2015,"href":"https:\/\/misionescordoba.org\/index.php?rest_route=\/wp\/v2\/posts\/549\/revisions\/2015"}],"wp:featuredmedia":[{"embeddable":true,"href":"https:\/\/misionescordoba.org\/index.php?rest_route=\/wp\/v2\/media\/229"}],"wp:attachment":[{"href":"https:\/\/misionescordoba.org\/index.php?rest_route=%2Fwp%2Fv2%2Fmedia&parent=549"}],"wp:term":[{"taxonomy":"category","embeddable":true,"href":"https:\/\/misionescordoba.org\/index.php?rest_route=%2Fwp%2Fv2%2Fcategories&post=549"},{"taxonomy":"post_tag","embeddable":true,"href":"https:\/\/misionescordoba.org\/index.php?rest_route=%2Fwp%2Fv2%2Ftags&post=549"}],"curies":[{"name":"wp","href":"https:\/\/api.w.org\/{rel}","templated":true}]}}